{"id":806,"date":"2020-06-11T17:48:27","date_gmt":"2020-06-11T17:48:27","guid":{"rendered":"https:\/\/montsebadia.net\/new\/el-tiempo-los-artistas-y-las-exposiciones-de-media-carrera\/"},"modified":"2025-02-14T15:26:23","modified_gmt":"2025-02-14T15:26:23","slug":"el-tiempo-los-artistas-y-las-exposiciones-de-media-carrera","status":"publish","type":"post","link":"https:\/\/montsebadia.net\/ca\/el-tiempo-los-artistas-y-las-exposiciones-de-media-carrera\/","title":{"rendered":"El temps, els artistes i les exposicions de mitja carrera"},"content":{"rendered":"<p>&nbsp;<\/p>\n<p>Gaireb\u00e9 tot \u00e9s una q\u00fcesti\u00f3 de temps. Qu\u00e8 important \u00e9s el temps i qu\u00e8 poc el respectem, sempre corrent, sense distingir l&#8217;urgent d&#8217;all\u00f2 que \u00e9s important. En art, el temps \u00e9s fonamental perqu\u00e8 els artistes puguin desenvolupar les seves l\u00ednies d&#8217;investigaci\u00f3, puguin fer tantejos, cometre errors i trobar solucions. Qu\u00e8 gratificant i qu\u00e8 emocionant \u00e9s visitar una exposici\u00f3 d&#8217;un artista del qual es segueix el treball pr\u00e0cticament des dels seus inicis i amb el qual de tant en tant es t\u00e9 l&#8217;oportunitat de compartir projectes i xerrades, i veure com, de cop, tot encaixa, com treballs primers i actuals es relacionen i mostren una coher\u00e8ncia, com el seu discurs assoleix un punt de solidesa.<\/p>\n<p>Aquesta \u00e9s l&#8217;experi\u00e8ncia que he viscut aquests dies a CA2M, el Centro de Arte Dos de Mayo a Madrid en visitar l&#8217;exposici\u00f3<em> Panal<\/em>, de Francesc Ruiz, que recull treballs realitzats per l&#8217;artista entre els anys 1997 i l&#8217;actualitat. Francesc Ruiz va comen\u00e7ar als 90 amb c\u00f2mics expandits, dibuixos minuciosos en els quals tenien lloc multitud d&#8217;escenes urbanes en les que apareixien grups que vivien la ciutat amb diferents nivells de codificaci\u00f3 (mil i una situacions diverses a El Corte Ingl\u00e9s, <em>cruising<\/em> a Montju\u00efc o usos hospitalaris, educatius i d&#8217;oci amb arquitectures fetes de cossos i no d&#8217;edificis a la Zona Alta de Barcelona). Dels c\u00f2mics expandits enganxats a les parets de les sales d&#8217;exposicions a posar l&#8217;\u00e8mfasi en la distribuci\u00f3 hi havia un pas, amb quioscs a Barcelona, per\u00f2 tamb\u00e9 all\u00e0 on les exposicions i les resid\u00e8ncies el portaven: Ven\u00e8cia, El Caire, i botigues de c\u00f2mics vinculades a modalitats de consum o comunitats molt concretes (Yaoi, gays).<\/p>\n<p>Les identitats, personals, socials, sexuals, urbanes i dissidents s\u00f3n el leitmotiv del treball de Francesc Ruiz. L&#8217;exposici\u00f3 <em>Panal <\/em> culmina (literalment) amb una gran instal\u00b7laci\u00f3 (gran en dimensions i gran en transcend\u00e8ncia): <em>Three Streets, Three Colours <\/em> que esdev\u00e9 un punt d&#8217;arribada i un pas m\u00e9s enll\u00e0 en el treball de l&#8217;artista. L&#8217;antecedent m\u00e9s directe \u00e9s <em>BCN Eye Trip<\/em> (2008), una v\u00eddeo instal\u00b7laci\u00f3 en la que la ciutat era redu\u00efda als seus logotips. Ara, en el gran atri del CA2M, Ruiz crea una ciutat vertical, global, ca\u00f2tica, plena de color i d&#8217;excessos, que ens confronta amb els tres nivells d&#8217;\u00fas i distribuci\u00f3 en el nostre m\u00f3n global i digitalitzat: el blau de Lycamobile, \u00e9s a dir, de les telecomunicacions i la incorporaci\u00f3 de les persones migrants a noves ciutats; el groc d&#8217;Uber i de correus, \u00e9s a dir, de la log\u00edstica i la missatgeria i finalment, en el nivell m\u00e9s alt, el vermell de l&#8217;entreteniment online per adults. I aix\u00ed, en 20 anys de difer\u00e8ncia l&#8217;univers de Francesc Ruiz ens ha portat des dels dibuixos de m\u00faltiples i calidosc\u00f2piques micro-escenes simult\u00e0nies a submergir-nos en aquesta gran ciutat virtual, deslocalitzada, estandarditzada i desregulada.<\/p>\n<p><img decoding=\"async\" src=\"\/IMG\/jpg\/-37.jpg\" alt=\"-37.jpg\" align=\"center\" \/><\/p>\n<p>Francesc Ruiz, <em>Three Streets, Three Colours<\/em>, 2020<br \/>\nCA2M, Madrid<br \/>\nFotografia: Sue Ponce G\u00f3mez<\/p>\n<p>&nbsp;<\/p>\n<p>[Article publicat a Bonart 2020]<\/p>\n","protected":false},"excerpt":{"rendered":"<p>&nbsp; Gaireb\u00e9 tot \u00e9s una q\u00fcesti\u00f3 de temps. Qu\u00e8 important \u00e9s el temps i qu\u00e8 poc el respectem, sempre corrent, sense distingir l&#8217;urgent d&#8217;all\u00f2 que \u00e9s important. En art, el temps \u00e9s fonamental perqu\u00e8 els artistes puguin desenvolupar les seves l\u00ednies d&#8217;investigaci\u00f3, puguin fer tantejos, cometre errors i trobar solucions. Qu\u00e8 gratificant i qu\u00e8 emocionant [&hellip;]<\/p>\n","protected":false},"author":1,"featured_media":0,"comment_status":"closed","ping_status":"open","sticky":false,"template":"","format":"standard","meta":{"inline_featured_image":false,"footnotes":""},"categories":[27],"tags":[],"class_list":["post-806","post","type-post","status-publish","format-standard","hentry","category-textos-ca"],"yoast_head":"<!-- This site is optimized with the Yoast SEO plugin v24.1 - https:\/\/yoast.com\/wordpress\/plugins\/seo\/ -->\n<title>El temps, els artistes i les exposicions de mitja carrera - Montse Badia<\/title>\n<meta name=\"robots\" content=\"index, follow, max-snippet:-1, max-image-preview:large, max-video-preview:-1\" \/>\n<link rel=\"canonical\" href=\"https:\/\/montsebadia.net\/ca\/el-tiempo-los-artistas-y-las-exposiciones-de-media-carrera\/\" \/>\n<meta property=\"og:locale\" content=\"ca_ES\" \/>\n<meta property=\"og:type\" content=\"article\" \/>\n<meta property=\"og:title\" content=\"El temps, els artistes i les exposicions de mitja carrera - Montse Badia\" \/>\n<meta property=\"og:description\" content=\"&nbsp; Gaireb\u00e9 tot \u00e9s una q\u00fcesti\u00f3 de temps. Qu\u00e8 important \u00e9s el temps i qu\u00e8 poc el respectem, sempre corrent, sense distingir l&#8217;urgent d&#8217;all\u00f2 que \u00e9s important. En art, el temps \u00e9s fonamental perqu\u00e8 els artistes puguin desenvolupar les seves l\u00ednies d&#8217;investigaci\u00f3, puguin fer tantejos, cometre errors i trobar solucions. Qu\u00e8 gratificant i qu\u00e8 emocionant [&hellip;]\" \/>\n<meta property=\"og:url\" content=\"https:\/\/montsebadia.net\/ca\/el-tiempo-los-artistas-y-las-exposiciones-de-media-carrera\/\" \/>\n<meta property=\"og:site_name\" content=\"Montse Badia\" \/>\n<meta property=\"article:publisher\" content=\"https:\/\/www.facebook.com\/montse.badia.96\" \/>\n<meta property=\"article:published_time\" content=\"2020-06-11T17:48:27+00:00\" \/>\n<meta property=\"article:modified_time\" content=\"2025-02-14T15:26:23+00:00\" \/>\n<meta name=\"author\" content=\"admin\" \/>\n<meta name=\"twitter:card\" content=\"summary_large_image\" \/>\n<meta name=\"twitter:creator\" content=\"@montsebadia1\" \/>\n<meta name=\"twitter:site\" content=\"@montsebadia1\" \/>\n<meta name=\"twitter:label1\" content=\"Escrit per\" \/>\n\t<meta name=\"twitter:data1\" content=\"admin\" \/>\n\t<meta name=\"twitter:label2\" content=\"Temps estimat de lectura\" \/>\n\t<meta name=\"twitter:data2\" content=\"3 minuts\" \/>\n<script type=\"application\/ld+json\" class=\"yoast-schema-graph\">{\"@context\":\"https:\/\/schema.org\",\"@graph\":[{\"@type\":\"Article\",\"@id\":\"https:\/\/montsebadia.net\/ca\/el-tiempo-los-artistas-y-las-exposiciones-de-media-carrera\/#article\",\"isPartOf\":{\"@id\":\"https:\/\/montsebadia.net\/ca\/el-tiempo-los-artistas-y-las-exposiciones-de-media-carrera\/\"},\"author\":{\"name\":\"admin\",\"@id\":\"https:\/\/montsebadia.net\/en\/#\/schema\/person\/e6d1199fca140cb29c5fdf8d92b3edd5\"},\"headline\":\"El temps, els artistes i les exposicions de mitja carrera\",\"datePublished\":\"2020-06-11T17:48:27+00:00\",\"dateModified\":\"2025-02-14T15:26:23+00:00\",\"mainEntityOfPage\":{\"@id\":\"https:\/\/montsebadia.net\/ca\/el-tiempo-los-artistas-y-las-exposiciones-de-media-carrera\/\"},\"wordCount\":520,\"publisher\":{\"@id\":\"https:\/\/montsebadia.net\/en\/#organization\"},\"articleSection\":[\"Textos\"],\"inLanguage\":\"ca\"},{\"@type\":\"WebPage\",\"@id\":\"https:\/\/montsebadia.net\/ca\/el-tiempo-los-artistas-y-las-exposiciones-de-media-carrera\/\",\"url\":\"https:\/\/montsebadia.net\/ca\/el-tiempo-los-artistas-y-las-exposiciones-de-media-carrera\/\",\"name\":\"El temps, els artistes i les exposicions de mitja carrera - Montse Badia\",\"isPartOf\":{\"@id\":\"https:\/\/montsebadia.net\/en\/#website\"},\"datePublished\":\"2020-06-11T17:48:27+00:00\",\"dateModified\":\"2025-02-14T15:26:23+00:00\",\"breadcrumb\":{\"@id\":\"https:\/\/montsebadia.net\/ca\/el-tiempo-los-artistas-y-las-exposiciones-de-media-carrera\/#breadcrumb\"},\"inLanguage\":\"ca\",\"potentialAction\":[{\"@type\":\"ReadAction\",\"target\":[\"https:\/\/montsebadia.net\/ca\/el-tiempo-los-artistas-y-las-exposiciones-de-media-carrera\/\"]}]},{\"@type\":\"BreadcrumbList\",\"@id\":\"https:\/\/montsebadia.net\/ca\/el-tiempo-los-artistas-y-las-exposiciones-de-media-carrera\/#breadcrumb\",\"itemListElement\":[{\"@type\":\"ListItem\",\"position\":1,\"name\":\"Portada\",\"item\":\"https:\/\/montsebadia.net\/ca\/\"},{\"@type\":\"ListItem\",\"position\":2,\"name\":\"El temps, els artistes i les exposicions de mitja carrera\"}]},{\"@type\":\"WebSite\",\"@id\":\"https:\/\/montsebadia.net\/en\/#website\",\"url\":\"https:\/\/montsebadia.net\/en\/\",\"name\":\"Montse Badia\",\"description\":\"Historiadora del arte y comisaria independiente\",\"publisher\":{\"@id\":\"https:\/\/montsebadia.net\/en\/#organization\"},\"potentialAction\":[{\"@type\":\"SearchAction\",\"target\":{\"@type\":\"EntryPoint\",\"urlTemplate\":\"https:\/\/montsebadia.net\/en\/?s={search_term_string}\"},\"query-input\":{\"@type\":\"PropertyValueSpecification\",\"valueRequired\":true,\"valueName\":\"search_term_string\"}}],\"inLanguage\":\"ca\"},{\"@type\":\"Organization\",\"@id\":\"https:\/\/montsebadia.net\/en\/#organization\",\"name\":\"Montse Badia\",\"url\":\"https:\/\/montsebadia.net\/en\/\",\"logo\":{\"@type\":\"ImageObject\",\"inLanguage\":\"ca\",\"@id\":\"https:\/\/montsebadia.net\/en\/#\/schema\/logo\/image\/\",\"url\":\"https:\/\/montsebadia.net\/wp-content\/uploads\/2024\/10\/logo-montse-2.svg\",\"contentUrl\":\"https:\/\/montsebadia.net\/wp-content\/uploads\/2024\/10\/logo-montse-2.svg\",\"width\":213,\"height\":28,\"caption\":\"Montse Badia\"},\"image\":{\"@id\":\"https:\/\/montsebadia.net\/en\/#\/schema\/logo\/image\/\"},\"sameAs\":[\"https:\/\/www.facebook.com\/montse.badia.96\",\"https:\/\/x.com\/montsebadia1\",\"https:\/\/www.instagram.com\/montse_badia_more\/\",\"https:\/\/www.linkedin.com\/in\/montse-badia-b2348a33\/\",\"https:\/\/www.youtube.com\/@MontseBadia\"]},{\"@type\":\"Person\",\"@id\":\"https:\/\/montsebadia.net\/en\/#\/schema\/person\/e6d1199fca140cb29c5fdf8d92b3edd5\",\"name\":\"admin\",\"image\":{\"@type\":\"ImageObject\",\"inLanguage\":\"ca\",\"@id\":\"https:\/\/montsebadia.net\/en\/#\/schema\/person\/image\/\",\"url\":\"https:\/\/secure.gravatar.com\/avatar\/b58539768ab2caf2e4c530e0b360aa32c8af565115bdda86c769f7d12152688c?s=96&d=mm&r=g\",\"contentUrl\":\"https:\/\/secure.gravatar.com\/avatar\/b58539768ab2caf2e4c530e0b360aa32c8af565115bdda86c769f7d12152688c?s=96&d=mm&r=g\",\"caption\":\"admin\"},\"sameAs\":[\"https:\/\/montsebadia.net\"],\"url\":\"https:\/\/montsebadia.net\/ca\/author\/badia\/\"}]}<\/script>\n<!-- \/ Yoast SEO plugin. -->","yoast_head_json":{"title":"El temps, els artistes i les exposicions de mitja carrera - Montse Badia","robots":{"index":"index","follow":"follow","max-snippet":"max-snippet:-1","max-image-preview":"max-image-preview:large","max-video-preview":"max-video-preview:-1"},"canonical":"https:\/\/montsebadia.net\/ca\/el-tiempo-los-artistas-y-las-exposiciones-de-media-carrera\/","og_locale":"ca_ES","og_type":"article","og_title":"El temps, els artistes i les exposicions de mitja carrera - Montse Badia","og_description":"&nbsp; Gaireb\u00e9 tot \u00e9s una q\u00fcesti\u00f3 de temps. Qu\u00e8 important \u00e9s el temps i qu\u00e8 poc el respectem, sempre corrent, sense distingir l&#8217;urgent d&#8217;all\u00f2 que \u00e9s important. En art, el temps \u00e9s fonamental perqu\u00e8 els artistes puguin desenvolupar les seves l\u00ednies d&#8217;investigaci\u00f3, puguin fer tantejos, cometre errors i trobar solucions. Qu\u00e8 gratificant i qu\u00e8 emocionant [&hellip;]","og_url":"https:\/\/montsebadia.net\/ca\/el-tiempo-los-artistas-y-las-exposiciones-de-media-carrera\/","og_site_name":"Montse Badia","article_publisher":"https:\/\/www.facebook.com\/montse.badia.96","article_published_time":"2020-06-11T17:48:27+00:00","article_modified_time":"2025-02-14T15:26:23+00:00","author":"admin","twitter_card":"summary_large_image","twitter_creator":"@montsebadia1","twitter_site":"@montsebadia1","twitter_misc":{"Escrit per":"admin","Temps estimat de lectura":"3 minuts"},"schema":{"@context":"https:\/\/schema.org","@graph":[{"@type":"Article","@id":"https:\/\/montsebadia.net\/ca\/el-tiempo-los-artistas-y-las-exposiciones-de-media-carrera\/#article","isPartOf":{"@id":"https:\/\/montsebadia.net\/ca\/el-tiempo-los-artistas-y-las-exposiciones-de-media-carrera\/"},"author":{"name":"admin","@id":"https:\/\/montsebadia.net\/en\/#\/schema\/person\/e6d1199fca140cb29c5fdf8d92b3edd5"},"headline":"El temps, els artistes i les exposicions de mitja carrera","datePublished":"2020-06-11T17:48:27+00:00","dateModified":"2025-02-14T15:26:23+00:00","mainEntityOfPage":{"@id":"https:\/\/montsebadia.net\/ca\/el-tiempo-los-artistas-y-las-exposiciones-de-media-carrera\/"},"wordCount":520,"publisher":{"@id":"https:\/\/montsebadia.net\/en\/#organization"},"articleSection":["Textos"],"inLanguage":"ca"},{"@type":"WebPage","@id":"https:\/\/montsebadia.net\/ca\/el-tiempo-los-artistas-y-las-exposiciones-de-media-carrera\/","url":"https:\/\/montsebadia.net\/ca\/el-tiempo-los-artistas-y-las-exposiciones-de-media-carrera\/","name":"El temps, els artistes i les exposicions de mitja carrera - Montse Badia","isPartOf":{"@id":"https:\/\/montsebadia.net\/en\/#website"},"datePublished":"2020-06-11T17:48:27+00:00","dateModified":"2025-02-14T15:26:23+00:00","breadcrumb":{"@id":"https:\/\/montsebadia.net\/ca\/el-tiempo-los-artistas-y-las-exposiciones-de-media-carrera\/#breadcrumb"},"inLanguage":"ca","potentialAction":[{"@type":"ReadAction","target":["https:\/\/montsebadia.net\/ca\/el-tiempo-los-artistas-y-las-exposiciones-de-media-carrera\/"]}]},{"@type":"BreadcrumbList","@id":"https:\/\/montsebadia.net\/ca\/el-tiempo-los-artistas-y-las-exposiciones-de-media-carrera\/#breadcrumb","itemListElement":[{"@type":"ListItem","position":1,"name":"Portada","item":"https:\/\/montsebadia.net\/ca\/"},{"@type":"ListItem","position":2,"name":"El temps, els artistes i les exposicions de mitja carrera"}]},{"@type":"WebSite","@id":"https:\/\/montsebadia.net\/en\/#website","url":"https:\/\/montsebadia.net\/en\/","name":"Montse Badia","description":"Historiadora del arte y comisaria independiente","publisher":{"@id":"https:\/\/montsebadia.net\/en\/#organization"},"potentialAction":[{"@type":"SearchAction","target":{"@type":"EntryPoint","urlTemplate":"https:\/\/montsebadia.net\/en\/?s={search_term_string}"},"query-input":{"@type":"PropertyValueSpecification","valueRequired":true,"valueName":"search_term_string"}}],"inLanguage":"ca"},{"@type":"Organization","@id":"https:\/\/montsebadia.net\/en\/#organization","name":"Montse Badia","url":"https:\/\/montsebadia.net\/en\/","logo":{"@type":"ImageObject","inLanguage":"ca","@id":"https:\/\/montsebadia.net\/en\/#\/schema\/logo\/image\/","url":"https:\/\/montsebadia.net\/wp-content\/uploads\/2024\/10\/logo-montse-2.svg","contentUrl":"https:\/\/montsebadia.net\/wp-content\/uploads\/2024\/10\/logo-montse-2.svg","width":213,"height":28,"caption":"Montse Badia"},"image":{"@id":"https:\/\/montsebadia.net\/en\/#\/schema\/logo\/image\/"},"sameAs":["https:\/\/www.facebook.com\/montse.badia.96","https:\/\/x.com\/montsebadia1","https:\/\/www.instagram.com\/montse_badia_more\/","https:\/\/www.linkedin.com\/in\/montse-badia-b2348a33\/","https:\/\/www.youtube.com\/@MontseBadia"]},{"@type":"Person","@id":"https:\/\/montsebadia.net\/en\/#\/schema\/person\/e6d1199fca140cb29c5fdf8d92b3edd5","name":"admin","image":{"@type":"ImageObject","inLanguage":"ca","@id":"https:\/\/montsebadia.net\/en\/#\/schema\/person\/image\/","url":"https:\/\/secure.gravatar.com\/avatar\/b58539768ab2caf2e4c530e0b360aa32c8af565115bdda86c769f7d12152688c?s=96&d=mm&r=g","contentUrl":"https:\/\/secure.gravatar.com\/avatar\/b58539768ab2caf2e4c530e0b360aa32c8af565115bdda86c769f7d12152688c?s=96&d=mm&r=g","caption":"admin"},"sameAs":["https:\/\/montsebadia.net"],"url":"https:\/\/montsebadia.net\/ca\/author\/badia\/"}]}},"_links":{"self":[{"href":"https:\/\/montsebadia.net\/ca\/wp-json\/wp\/v2\/posts\/806","targetHints":{"allow":["GET"]}}],"collection":[{"href":"https:\/\/montsebadia.net\/ca\/wp-json\/wp\/v2\/posts"}],"about":[{"href":"https:\/\/montsebadia.net\/ca\/wp-json\/wp\/v2\/types\/post"}],"author":[{"embeddable":true,"href":"https:\/\/montsebadia.net\/ca\/wp-json\/wp\/v2\/users\/1"}],"replies":[{"embeddable":true,"href":"https:\/\/montsebadia.net\/ca\/wp-json\/wp\/v2\/comments?post=806"}],"version-history":[{"count":2,"href":"https:\/\/montsebadia.net\/ca\/wp-json\/wp\/v2\/posts\/806\/revisions"}],"predecessor-version":[{"id":1876,"href":"https:\/\/montsebadia.net\/ca\/wp-json\/wp\/v2\/posts\/806\/revisions\/1876"}],"wp:attachment":[{"href":"https:\/\/montsebadia.net\/ca\/wp-json\/wp\/v2\/media?parent=806"}],"wp:term":[{"taxonomy":"category","embeddable":true,"href":"https:\/\/montsebadia.net\/ca\/wp-json\/wp\/v2\/categories?post=806"},{"taxonomy":"post_tag","embeddable":true,"href":"https:\/\/montsebadia.net\/ca\/wp-json\/wp\/v2\/tags?post=806"}],"curies":[{"name":"wp","href":"https:\/\/api.w.org\/{rel}","templated":true}]}}